{"id":635,"date":"2022-12-22T17:42:59","date_gmt":"2022-12-22T16:42:59","guid":{"rendered":"https:\/\/mairiedeguenviller.fr\/?p=635"},"modified":"2023-02-16T18:17:49","modified_gmt":"2023-02-16T17:17:49","slug":"joyeuses-fetes-de-fin-dannee-a-toutes-et-tous","status":"publish","type":"post","link":"https:\/\/mairiedeguenviller.fr\/index.php\/2022\/12\/22\/joyeuses-fetes-de-fin-dannee-a-toutes-et-tous\/","title":{"rendered":"RETROUVEZ LES PV DES CONSEILS MUNICIPAUX"},"content":{"rendered":"\n<p>Rubrique VOTRE MAIRIE &#8211; CONSEILS MUNICIPAUX<\/p>\n\n\n\n<figure class=\"wp-block-image size-full is-resized\"><img loading=\"lazy\" src=\"https:\/\/mairiedeguenviller.fr\/wp-content\/uploads\/2023\/02\/image.png\" alt=\"\" class=\"wp-image-645\" width=\"209\" height=\"67\"\/><\/figure>\n\n\n\n<p><\/p>\n","protected":false},"excerpt":{"rendered":"<p>Rubrique VOTRE MAIRIE &#8211; CONSEILS MUNICIPAUX<\/p>\n","protected":false},"author":4,"featured_media":0,"comment_status":"closed","ping_status":"closed","sticky":false,"template":"","format":"standard","meta":[],"categories":[1],"tags":[],"yoast_head":"<!-- This site is optimized with the Yoast SEO plugin v18.6 - https:\/\/yoast.com\/wordpress\/plugins\/seo\/ -->\n<title>RETROUVEZ LES PV DES CONSEILS MUNICIPAUX - Mairie de Guenviller<\/title>\n<meta name=\"robots\" content=\"index, follow, max-snippet:-1, max-image-preview:large, max-video-preview:-1\" \/>\n<link rel=\"canonical\" href=\"https:\/\/mairiedeguenviller.fr\/index.php\/2022\/12\/22\/joyeuses-fetes-de-fin-dannee-a-toutes-et-tous\/\" \/>\n<meta property=\"og:locale\" content=\"fr_FR\" \/>\n<meta property=\"og:type\" content=\"article\" \/>\n<meta property=\"og:title\" content=\"RETROUVEZ LES PV DES CONSEILS MUNICIPAUX - Mairie de Guenviller\" \/>\n<meta property=\"og:description\" content=\"Rubrique VOTRE MAIRIE &#8211; CONSEILS MUNICIPAUX\" \/>\n<meta property=\"og:url\" content=\"https:\/\/mairiedeguenviller.fr\/index.php\/2022\/12\/22\/joyeuses-fetes-de-fin-dannee-a-toutes-et-tous\/\" \/>\n<meta property=\"og:site_name\" content=\"Mairie de Guenviller\" \/>\n<meta property=\"article:published_time\" content=\"2022-12-22T16:42:59+00:00\" \/>\n<meta property=\"article:modified_time\" content=\"2023-02-16T17:17:49+00:00\" \/>\n<meta property=\"og:image\" content=\"https:\/\/mairiedeguenviller.fr\/wp-content\/uploads\/2023\/02\/image.png\" \/>\n<meta name=\"twitter:card\" content=\"summary_large_image\" \/>\n<meta name=\"twitter:label1\" content=\"\u00c9crit par\" \/>\n\t<meta name=\"twitter:data1\" content=\"Emilie THIEL\" \/>\n\t<meta name=\"twitter:label2\" content=\"Dur\u00e9e de lecture estim\u00e9e\" \/>\n\t<meta name=\"twitter:data2\" content=\"1 minute\" \/>\n<script type=\"application\/ld+json\" class=\"yoast-schema-graph\">{\"@context\":\"https:\/\/schema.org\",\"@graph\":[{\"@type\":\"Organization\",\"@id\":\"https:\/\/mairiedeguenviller.fr\/#organization\",\"name\":\"Mairie de Guenviller\",\"url\":\"https:\/\/mairiedeguenviller.fr\/\",\"sameAs\":[],\"logo\":{\"@type\":\"ImageObject\",\"@id\":\"https:\/\/mairiedeguenviller.fr\/#logo\",\"inLanguage\":\"fr-FR\",\"url\":\"https:\/\/mairiedeguenviller.fr\/wp-content\/uploads\/2020\/06\/phtos.jpg\",\"contentUrl\":\"https:\/\/mairiedeguenviller.fr\/wp-content\/uploads\/2020\/06\/phtos.jpg\",\"width\":1600,\"height\":1296,\"caption\":\"Mairie de Guenviller\"},\"image\":{\"@id\":\"https:\/\/mairiedeguenviller.fr\/#logo\"}},{\"@type\":\"WebSite\",\"@id\":\"https:\/\/mairiedeguenviller.fr\/#website\",\"url\":\"https:\/\/mairiedeguenviller.fr\/\",\"name\":\"https:\/\/mairiedeguenviller.fr\",\"description\":\"9 rue de l&#039;\u00e9glise 57470 GUENVILLER - 03 87 89 10 85\",\"publisher\":{\"@id\":\"https:\/\/mairiedeguenviller.fr\/#organization\"},\"potentialAction\":[{\"@type\":\"SearchAction\",\"target\":{\"@type\":\"EntryPoint\",\"urlTemplate\":\"https:\/\/mairiedeguenviller.fr\/?s={search_term_string}\"},\"query-input\":\"required name=search_term_string\"}],\"inLanguage\":\"fr-FR\"},{\"@type\":\"ImageObject\",\"@id\":\"https:\/\/mairiedeguenviller.fr\/index.php\/2022\/12\/22\/joyeuses-fetes-de-fin-dannee-a-toutes-et-tous\/#primaryimage\",\"inLanguage\":\"fr-FR\",\"url\":\"https:\/\/mairiedeguenviller.fr\/wp-content\/uploads\/2023\/02\/image.png\",\"contentUrl\":\"https:\/\/mairiedeguenviller.fr\/wp-content\/uploads\/2023\/02\/image.png\",\"width\":209,\"height\":67},{\"@type\":\"WebPage\",\"@id\":\"https:\/\/mairiedeguenviller.fr\/index.php\/2022\/12\/22\/joyeuses-fetes-de-fin-dannee-a-toutes-et-tous\/#webpage\",\"url\":\"https:\/\/mairiedeguenviller.fr\/index.php\/2022\/12\/22\/joyeuses-fetes-de-fin-dannee-a-toutes-et-tous\/\",\"name\":\"RETROUVEZ LES PV DES CONSEILS MUNICIPAUX - Mairie de Guenviller\",\"isPartOf\":{\"@id\":\"https:\/\/mairiedeguenviller.fr\/#website\"},\"primaryImageOfPage\":{\"@id\":\"https:\/\/mairiedeguenviller.fr\/index.php\/2022\/12\/22\/joyeuses-fetes-de-fin-dannee-a-toutes-et-tous\/#primaryimage\"},\"datePublished\":\"2022-12-22T16:42:59+00:00\",\"dateModified\":\"2023-02-16T17:17:49+00:00\",\"breadcrumb\":{\"@id\":\"https:\/\/mairiedeguenviller.fr\/index.php\/2022\/12\/22\/joyeuses-fetes-de-fin-dannee-a-toutes-et-tous\/#breadcrumb\"},\"inLanguage\":\"fr-FR\",\"potentialAction\":[{\"@type\":\"ReadAction\",\"target\":[\"https:\/\/mairiedeguenviller.fr\/index.php\/2022\/12\/22\/joyeuses-fetes-de-fin-dannee-a-toutes-et-tous\/\"]}]},{\"@type\":\"BreadcrumbList\",\"@id\":\"https:\/\/mairiedeguenviller.fr\/index.php\/2022\/12\/22\/joyeuses-fetes-de-fin-dannee-a-toutes-et-tous\/#breadcrumb\",\"itemListElement\":[{\"@type\":\"ListItem\",\"position\":1,\"name\":\"Accueil\",\"item\":\"https:\/\/mairiedeguenviller.fr\/\"},{\"@type\":\"ListItem\",\"position\":2,\"name\":\"RETROUVEZ LES PV DES CONSEILS MUNICIPAUX\"}]},{\"@type\":\"Article\",\"@id\":\"https:\/\/mairiedeguenviller.fr\/index.php\/2022\/12\/22\/joyeuses-fetes-de-fin-dannee-a-toutes-et-tous\/#article\",\"isPartOf\":{\"@id\":\"https:\/\/mairiedeguenviller.fr\/index.php\/2022\/12\/22\/joyeuses-fetes-de-fin-dannee-a-toutes-et-tous\/#webpage\"},\"author\":{\"@id\":\"https:\/\/mairiedeguenviller.fr\/#\/schema\/person\/11a53fd9a8e34f57bc6a119591daf167\"},\"headline\":\"RETROUVEZ LES PV DES CONSEILS MUNICIPAUX\",\"datePublished\":\"2022-12-22T16:42:59+00:00\",\"dateModified\":\"2023-02-16T17:17:49+00:00\",\"mainEntityOfPage\":{\"@id\":\"https:\/\/mairiedeguenviller.fr\/index.php\/2022\/12\/22\/joyeuses-fetes-de-fin-dannee-a-toutes-et-tous\/#webpage\"},\"wordCount\":12,\"publisher\":{\"@id\":\"https:\/\/mairiedeguenviller.fr\/#organization\"},\"image\":{\"@id\":\"https:\/\/mairiedeguenviller.fr\/index.php\/2022\/12\/22\/joyeuses-fetes-de-fin-dannee-a-toutes-et-tous\/#primaryimage\"},\"thumbnailUrl\":\"https:\/\/mairiedeguenviller.fr\/wp-content\/uploads\/2023\/02\/image.png\",\"inLanguage\":\"fr-FR\"},{\"@type\":\"Person\",\"@id\":\"https:\/\/mairiedeguenviller.fr\/#\/schema\/person\/11a53fd9a8e34f57bc6a119591daf167\",\"name\":\"Emilie THIEL\",\"url\":\"https:\/\/mairiedeguenviller.fr\/index.php\/author\/emilie\/\"}]}<\/script>\n<!-- \/ Yoast SEO plugin. -->","yoast_head_json":{"title":"RETROUVEZ LES PV DES CONSEILS MUNICIPAUX - Mairie de Guenviller","robots":{"index":"index","follow":"follow","max-snippet":"max-snippet:-1","max-image-preview":"max-image-preview:large","max-video-preview":"max-video-preview:-1"},"canonical":"https:\/\/mairiedeguenviller.fr\/index.php\/2022\/12\/22\/joyeuses-fetes-de-fin-dannee-a-toutes-et-tous\/","og_locale":"fr_FR","og_type":"article","og_title":"RETROUVEZ LES PV DES CONSEILS MUNICIPAUX - Mairie de Guenviller","og_description":"Rubrique VOTRE MAIRIE &#8211; CONSEILS MUNICIPAUX","og_url":"https:\/\/mairiedeguenviller.fr\/index.php\/2022\/12\/22\/joyeuses-fetes-de-fin-dannee-a-toutes-et-tous\/","og_site_name":"Mairie de Guenviller","article_published_time":"2022-12-22T16:42:59+00:00","article_modified_time":"2023-02-16T17:17:49+00:00","og_image":[{"url":"https:\/\/mairiedeguenviller.fr\/wp-content\/uploads\/2023\/02\/image.png"}],"twitter_card":"summary_large_image","twitter_misc":{"\u00c9crit par":"Emilie THIEL","Dur\u00e9e de lecture estim\u00e9e":"1 minute"},"schema":{"@context":"https:\/\/schema.org","@graph":[{"@type":"Organization","@id":"https:\/\/mairiedeguenviller.fr\/#organization","name":"Mairie de Guenviller","url":"https:\/\/mairiedeguenviller.fr\/","sameAs":[],"logo":{"@type":"ImageObject","@id":"https:\/\/mairiedeguenviller.fr\/#logo","inLanguage":"fr-FR","url":"https:\/\/mairiedeguenviller.fr\/wp-content\/uploads\/2020\/06\/phtos.jpg","contentUrl":"https:\/\/mairiedeguenviller.fr\/wp-content\/uploads\/2020\/06\/phtos.jpg","width":1600,"height":1296,"caption":"Mairie de Guenviller"},"image":{"@id":"https:\/\/mairiedeguenviller.fr\/#logo"}},{"@type":"WebSite","@id":"https:\/\/mairiedeguenviller.fr\/#website","url":"https:\/\/mairiedeguenviller.fr\/","name":"https:\/\/mairiedeguenviller.fr","description":"9 rue de l&#039;\u00e9glise 57470 GUENVILLER - 03 87 89 10 85","publisher":{"@id":"https:\/\/mairiedeguenviller.fr\/#organization"},"potentialAction":[{"@type":"SearchAction","target":{"@type":"EntryPoint","urlTemplate":"https:\/\/mairiedeguenviller.fr\/?s={search_term_string}"},"query-input":"required name=search_term_string"}],"inLanguage":"fr-FR"},{"@type":"ImageObject","@id":"https:\/\/mairiedeguenviller.fr\/index.php\/2022\/12\/22\/joyeuses-fetes-de-fin-dannee-a-toutes-et-tous\/#primaryimage","inLanguage":"fr-FR","url":"https:\/\/mairiedeguenviller.fr\/wp-content\/uploads\/2023\/02\/image.png","contentUrl":"https:\/\/mairiedeguenviller.fr\/wp-content\/uploads\/2023\/02\/image.png","width":209,"height":67},{"@type":"WebPage","@id":"https:\/\/mairiedeguenviller.fr\/index.php\/2022\/12\/22\/joyeuses-fetes-de-fin-dannee-a-toutes-et-tous\/#webpage","url":"https:\/\/mairiedeguenviller.fr\/index.php\/2022\/12\/22\/joyeuses-fetes-de-fin-dannee-a-toutes-et-tous\/","name":"RETROUVEZ LES PV DES CONSEILS MUNICIPAUX - Mairie de Guenviller","isPartOf":{"@id":"https:\/\/mairiedeguenviller.fr\/#website"},"primaryImageOfPage":{"@id":"https:\/\/mairiedeguenviller.fr\/index.php\/2022\/12\/22\/joyeuses-fetes-de-fin-dannee-a-toutes-et-tous\/#primaryimage"},"datePublished":"2022-12-22T16:42:59+00:00","dateModified":"2023-02-16T17:17:49+00:00","breadcrumb":{"@id":"https:\/\/mairiedeguenviller.fr\/index.php\/2022\/12\/22\/joyeuses-fetes-de-fin-dannee-a-toutes-et-tous\/#breadcrumb"},"inLanguage":"fr-FR","potentialAction":[{"@type":"ReadAction","target":["https:\/\/mairiedeguenviller.fr\/index.php\/2022\/12\/22\/joyeuses-fetes-de-fin-dannee-a-toutes-et-tous\/"]}]},{"@type":"BreadcrumbList","@id":"https:\/\/mairiedeguenviller.fr\/index.php\/2022\/12\/22\/joyeuses-fetes-de-fin-dannee-a-toutes-et-tous\/#breadcrumb","itemListElement":[{"@type":"ListItem","position":1,"name":"Accueil","item":"https:\/\/mairiedeguenviller.fr\/"},{"@type":"ListItem","position":2,"name":"RETROUVEZ LES PV DES CONSEILS MUNICIPAUX"}]},{"@type":"Article","@id":"https:\/\/mairiedeguenviller.fr\/index.php\/2022\/12\/22\/joyeuses-fetes-de-fin-dannee-a-toutes-et-tous\/#article","isPartOf":{"@id":"https:\/\/mairiedeguenviller.fr\/index.php\/2022\/12\/22\/joyeuses-fetes-de-fin-dannee-a-toutes-et-tous\/#webpage"},"author":{"@id":"https:\/\/mairiedeguenviller.fr\/#\/schema\/person\/11a53fd9a8e34f57bc6a119591daf167"},"headline":"RETROUVEZ LES PV DES CONSEILS MUNICIPAUX","datePublished":"2022-12-22T16:42:59+00:00","dateModified":"2023-02-16T17:17:49+00:00","mainEntityOfPage":{"@id":"https:\/\/mairiedeguenviller.fr\/index.php\/2022\/12\/22\/joyeuses-fetes-de-fin-dannee-a-toutes-et-tous\/#webpage"},"wordCount":12,"publisher":{"@id":"https:\/\/mairiedeguenviller.fr\/#organization"},"image":{"@id":"https:\/\/mairiedeguenviller.fr\/index.php\/2022\/12\/22\/joyeuses-fetes-de-fin-dannee-a-toutes-et-tous\/#primaryimage"},"thumbnailUrl":"https:\/\/mairiedeguenviller.fr\/wp-content\/uploads\/2023\/02\/image.png","inLanguage":"fr-FR"},{"@type":"Person","@id":"https:\/\/mairiedeguenviller.fr\/#\/schema\/person\/11a53fd9a8e34f57bc6a119591daf167","name":"Emilie THIEL","url":"https:\/\/mairiedeguenviller.fr\/index.php\/author\/emilie\/"}]}},"_links":{"self":[{"href":"https:\/\/mairiedeguenviller.fr\/index.php\/wp-json\/wp\/v2\/posts\/635"}],"collection":[{"href":"https:\/\/mairiedeguenviller.fr\/index.php\/wp-json\/wp\/v2\/posts"}],"about":[{"href":"https:\/\/mairiedeguenviller.fr\/index.php\/wp-json\/wp\/v2\/types\/post"}],"author":[{"embeddable":true,"href":"https:\/\/mairiedeguenviller.fr\/index.php\/wp-json\/wp\/v2\/users\/4"}],"replies":[{"embeddable":true,"href":"https:\/\/mairiedeguenviller.fr\/index.php\/wp-json\/wp\/v2\/comments?post=635"}],"version-history":[{"count":3,"href":"https:\/\/mairiedeguenviller.fr\/index.php\/wp-json\/wp\/v2\/posts\/635\/revisions"}],"predecessor-version":[{"id":646,"href":"https:\/\/mairiedeguenviller.fr\/index.php\/wp-json\/wp\/v2\/posts\/635\/revisions\/646"}],"wp:attachment":[{"href":"https:\/\/mairiedeguenviller.fr\/index.php\/wp-json\/wp\/v2\/media?parent=635"}],"wp:term":[{"taxonomy":"category","embeddable":true,"href":"https:\/\/mairiedeguenviller.fr\/index.php\/wp-json\/wp\/v2\/categories?post=635"},{"taxonomy":"post_tag","embeddable":true,"href":"https:\/\/mairiedeguenviller.fr\/index.php\/wp-json\/wp\/v2\/tags?post=635"}],"curies":[{"name":"wp","href":"https:\/\/api.w.org\/{rel}","templated":true}]}}